{"id":1227,"date":"2018-11-12T15:12:18","date_gmt":"2018-11-12T15:12:18","guid":{"rendered":"http:\/\/plusenergiequartier.ch\/beschluss-gemeinderat-entwicklung-des-areals-als-plusenergie-quartier\/"},"modified":"2019-01-07T16:26:31","modified_gmt":"2019-01-07T16:26:31","slug":"beschluss-gemeinderat-entwicklung-des-areals-als-plusenergie-quartier","status":"publish","type":"post","link":"https:\/\/plusenergiequartier.ch\/fr\/beschluss-gemeinderat-entwicklung-des-areals-als-plusenergie-quartier\/","title":{"rendered":"Projet de quartier \u00e0 \u00e9nergie positive TAAN-STENGELI \u00e0 Schwarzenburg"},"content":{"rendered":"<h2>Arr\u00eat\u00e9 du conseil communal\u00a0: transformation du site en quartier \u00e0 \u00e9nergie positive<\/h2>\n<h3>Base pour le lotissement pr\u00e9vu<\/h3>\n<ul>\n<li>Le lotissement de Taan-Stengeli a fait l\u2019objet d\u2019une \u00e9tude de faisabilit\u00e9 en 2016.<\/li>\n<li>De par sa situation centrale, la zone \u00e0 d\u00e9velopper est bien int\u00e9gr\u00e9e dans le r\u00e9seau routier principal.<\/li>\n<li>Elle se trouve pr\u00e8s de la gare de Schwarzenburg, du centre du village, des commerces et des \u00e9coles.<\/li>\n<li>Nombre de logements\u00a0: une soixantaine d\u2019appartements (b\u00e2ti \u00e0 deux \u00e9tages), environ 70 appartements (b\u00e2ti \u00e0 2 et 3 \u00e9tages).<\/li>\n<\/ul>\n<h3>Augmentation du coefficient d\u2019utilisation du sol (CUS)<\/h3>\n<ul>\n<li>Le projet d\u2019augmentation du CUS actuel (3 \u00e9tages au lieu de 2) fait l\u2019objet d\u2019un consensus.<\/li>\n<li>Justification\u00a0: bonne compatibilit\u00e9 avec les constructions au NE et SE\u00a0; le projet promeut les principes de la densification du tissu b\u00e2ti.<\/li>\n<li>Il reste \u00e0 examiner si l\u2019augmentation du CUS doit s\u2019appliquer au site entier ou \u00e0 une partie du site seulement.<\/li>\n<li>En 2017, un bureau d\u2019\u00e9tude avait analys\u00e9 la faisabilit\u00e9 technique du projet \u00ab\u00a0Quartiers \u00e0 \u00e9nergie positive\u00a0\u00bb. Ses conclusions \u00e9taient positives.<\/li>\n<li>Le r\u00e9seau de chauffage de Schwarzenburg West GmbH se trouve \u00e0 proximit\u00e9 imm\u00e9diate du site.<\/li>\n<li>Les v\u00e9hicules \u00e0 moteur seront interdits au sein du lotissement. Un garage couvert sera \u00e0 disposition.<\/li>\n<li>Il est pr\u00e9vu de lancer un concours d\u2019investisseurs\u00a0; octroi du site en droit de superficie.<\/li>\n<\/ul>\n<h3>Donn\u00e9es de r\u00e9f\u00e9rence<\/h3>\n<ul>\n<li>Le site appartient \u00e0 la commune municipale de Schwarzenburg.<\/li>\n<li>Il est inscrit comme ZPO n\u00b0 16 Taan-Stengeli dans le r\u00e8glement de construction de la commune de Schwarzenburg.<\/li>\n<li>Il pr\u00e9sente une surface constructible d\u2019un seul tenant de 16\u00a0000 m<sup>2<\/sup>.<\/li>\n<\/ul>\n","protected":false},"excerpt":{"rendered":"<p>Arr\u00eat\u00e9 du conseil communal\u00a0: transformation du site en quartier \u00e0 \u00e9nergie positive Base pour le lotissement pr\u00e9vu Le lotissement de Taan-Stengeli a fait l\u2019objet d\u2019une \u00e9tude de faisabilit\u00e9 en 2016. De par sa situation centrale, la zone \u00e0 d\u00e9velopper est bien int\u00e9gr\u00e9e dans le r\u00e9seau routier principal. Elle se trouve &hellip;<\/p>\n","protected":false},"author":3,"featured_media":0,"comment_status":"closed","ping_status":"open","sticky":false,"template":"","format":"standard","meta":{"_exactmetrics_skip_tracking":false,"_exactmetrics_sitenote_active":false,"_exactmetrics_sitenote_note":"","_exactmetrics_sitenote_category":0,"footnotes":""},"categories":[16],"tags":[],"class_list":["post-1227","post","type-post","status-publish","format-standard","hentry","category-planification_fr"],"_links":{"self":[{"href":"https:\/\/plusenergiequartier.ch\/fr\/wp-json\/wp\/v2\/posts\/1227","targetHints":{"allow":["GET"]}}],"collection":[{"href":"https:\/\/plusenergiequartier.ch\/fr\/wp-json\/wp\/v2\/posts"}],"about":[{"href":"https:\/\/plusenergiequartier.ch\/fr\/wp-json\/wp\/v2\/types\/post"}],"author":[{"embeddable":true,"href":"https:\/\/plusenergiequartier.ch\/fr\/wp-json\/wp\/v2\/users\/3"}],"replies":[{"embeddable":true,"href":"https:\/\/plusenergiequartier.ch\/fr\/wp-json\/wp\/v2\/comments?post=1227"}],"version-history":[{"count":2,"href":"https:\/\/plusenergiequartier.ch\/fr\/wp-json\/wp\/v2\/posts\/1227\/revisions"}],"predecessor-version":[{"id":1229,"href":"https:\/\/plusenergiequartier.ch\/fr\/wp-json\/wp\/v2\/posts\/1227\/revisions\/1229"}],"wp:attachment":[{"href":"https:\/\/plusenergiequartier.ch\/fr\/wp-json\/wp\/v2\/media?parent=1227"}],"wp:term":[{"taxonomy":"category","embeddable":true,"href":"https:\/\/plusenergiequartier.ch\/fr\/wp-json\/wp\/v2\/categories?post=1227"},{"taxonomy":"post_tag","embeddable":true,"href":"https:\/\/plusenergiequartier.ch\/fr\/wp-json\/wp\/v2\/tags?post=1227"}],"curies":[{"name":"wp","href":"https:\/\/api.w.org\/{rel}","templated":true}]}}